{"id":10260,"date":"2025-06-01T17:20:56","date_gmt":"2025-06-01T15:20:56","guid":{"rendered":"https:\/\/frivilligaresursgruppen.se\/?p=10260"},"modified":"2025-06-01T17:26:39","modified_gmt":"2025-06-01T15:26:39","slug":"10260-2","status":"publish","type":"post","link":"https:\/\/frivilligaresursgruppen.se\/10260-2\/","title":{"rendered":"Regional \u00d6vning OSBY \u00d6stra G\u00f6inge Kristianstad 250601"},"content":{"rendered":"<div class=\"frg-text-image-block container-breakout\">\n\n        \n\n<div class=\"container\">\n\n    <div class=\"row frg-text-image\">\n\n        <div class=\"frg-text-image__text col-12 col-lg-5 frg-text-image__text--left\">\n\n            \n                <h1 class=\"frg-text-image__text__title h2\">Regional \u00d6vning<\/h1>\n\n            \n            \n                <p class=\"frg-text-image__text__text\">Idag har vi haft v\u00e5r regionala \u00f6vning d\u00e4r FRG Osby FRG \u00d6stra G\u00f6inge samt FRG Kristianstad deltog. Vi byggde upp 1 stab samt 2 st trygghetspunkter. D\u00e4r \u00f6vade vi mycket radio kommunikation samt blankett ifyllnad. Vi repeterade \u00e4ven stoppa st\u00f6rre bl\u00f6dning HLR b\u00e5r b\u00e4rning samt lite allm\u00e4nt om sjukdomsf\u00f6rlopp. Jag vet att vi \u00e4r alla mycket n\u00f6jda med denna dagen. Och vi fick \u00e4ven in n\u00e5gra intresseanm\u00e4lningar till FRG. Vill \u00e4ven s\u00e4nda ett stort tack till Bengt Svensson och Anders Nord FRG Osby f\u00f6r all tid ni lagt ner p\u00e5 f\u00f6rberedelser inf\u00f6r denna \u00f6vning.<\/p>\n\n            \n            \n        <\/div>\n\n        \n            <div class=\"col-12 col-lg-6 offset-lg-1 frg-text-image__image-container\">\n\n                <div class=\"frg-text-image__image-container__image\">\n\n                    <img decoding=\"async\" src=\"https:\/\/frivilligaresursgruppen.se\/wp-content\/uploads\/2025\/06\/killeberg-rotated.jpg\" srcset=\"https:\/\/frivilligaresursgruppen.se\/wp-content\/uploads\/2025\/06\/killeberg-300x225.jpg 300w, https:\/\/frivilligaresursgruppen.se\/wp-content\/uploads\/2025\/06\/killeberg-1024x768.jpg 1024w, https:\/\/frivilligaresursgruppen.se\/wp-content\/uploads\/2025\/06\/killeberg-768x576.jpg 768w, https:\/\/frivilligaresursgruppen.se\/wp-content\/uploads\/2025\/06\/killeberg-1536x1152.jpg 1536w, https:\/\/frivilligaresursgruppen.se\/wp-content\/uploads\/2025\/06\/killeberg-rotated.jpg 1651w\" alt=\"\"\/>\n\n                <\/div>\n\n            <\/div>\n\n        \n    <\/div>\n<\/div>\n<\/div>","protected":false},"excerpt":{"rendered":"<p> [&#8230;]<\/p>\n<p><a class=\"btn btn-secondary understrap-read-more-link\" href=\"https:\/\/frivilligaresursgruppen.se\/10260-2\/\">L\u00e4s mer \u2026<span class=\"screen-reader-text\"> from Regional \u00d6vning OSBY \u00d6stra G\u00f6inge Kristianstad 250601<\/span><\/a><\/p>\n","protected":false},"author":255,"featured_media":0,"comment_status":"closed","ping_status":"closed","sticky":false,"template":"","format":"standard","meta":{"_acf_changed":false,"footnotes":""},"categories":[756],"tags":[],"class_list":["post-10260","post","type-post","status-publish","format-standard","hentry","category-alla"],"acf":[],"_links":{"self":[{"href":"https:\/\/frivilligaresursgruppen.se\/frg-xnbmox-json\/wp\/v2\/posts\/10260","targetHints":{"allow":["GET"]}}],"collection":[{"href":"https:\/\/frivilligaresursgruppen.se\/frg-xnbmox-json\/wp\/v2\/posts"}],"about":[{"href":"https:\/\/frivilligaresursgruppen.se\/frg-xnbmox-json\/wp\/v2\/types\/post"}],"author":[{"embeddable":true,"href":"https:\/\/frivilligaresursgruppen.se\/frg-xnbmox-json\/wp\/v2\/users\/255"}],"replies":[{"embeddable":true,"href":"https:\/\/frivilligaresursgruppen.se\/frg-xnbmox-json\/wp\/v2\/comments?post=10260"}],"version-history":[{"count":2,"href":"https:\/\/frivilligaresursgruppen.se\/frg-xnbmox-json\/wp\/v2\/posts\/10260\/revisions"}],"predecessor-version":[{"id":10263,"href":"https:\/\/frivilligaresursgruppen.se\/frg-xnbmox-json\/wp\/v2\/posts\/10260\/revisions\/10263"}],"wp:attachment":[{"href":"https:\/\/frivilligaresursgruppen.se\/frg-xnbmox-json\/wp\/v2\/media?parent=10260"}],"wp:term":[{"taxonomy":"category","embeddable":true,"href":"https:\/\/frivilligaresursgruppen.se\/frg-xnbmox-json\/wp\/v2\/categories?post=10260"},{"taxonomy":"post_tag","embeddable":true,"href":"https:\/\/frivilligaresursgruppen.se\/frg-xnbmox-json\/wp\/v2\/tags?post=10260"}],"curies":[{"name":"wp","href":"https:\/\/api.w.org\/{rel}","templated":true}]}}