{"id":10386,"date":"2025-07-06T16:06:20","date_gmt":"2025-07-06T14:06:20","guid":{"rendered":"https:\/\/frivilligaresursgruppen.se\/?p=10386"},"modified":"2025-07-06T16:06:20","modified_gmt":"2025-07-06T14:06:20","slug":"frg-ostra-goinge-med-frg-osby-pa-hokon-marknad","status":"publish","type":"post","link":"https:\/\/frivilligaresursgruppen.se\/frg-ostra-goinge-med-frg-osby-pa-hokon-marknad\/","title":{"rendered":"FRG \u00d6stra G\u00f6inge Med FRG osby p\u00e5 H\u00f6k\u00f6n Marknad"},"content":{"rendered":"<div class=\"frg-text-image-block container-breakout\">\n\n        \n\n<div class=\"container\">\n\n    <div class=\"row frg-text-image\">\n\n        <div class=\"frg-text-image__text col-12 col-lg-5 frg-text-image__text--left\">\n\n            \n                <h1 class=\"frg-text-image__text__title h2\">\u00d6stra G\u00f6inge i samarbete med Osby FRG<\/h1>\n\n            \n            \n                <p class=\"frg-text-image__text__text\">D\u00e5 har vi gemensamt varit p\u00e5 H\u00f6k\u00f6n Marknad och marknatf\u00f6rt oss. Vi delade ut lite reklamblad f\u00f6r FRG och Civilf\u00f6rsvarsf\u00f6rbundet. Lite d\u00e5ligt med folk men beror antagligen p\u00e5 v\u00e4dret. <\/p>\n\n            \n            \n        <\/div>\n\n        \n            <div class=\"col-12 col-lg-6 offset-lg-1 frg-text-image__image-container\">\n\n                <div class=\"frg-text-image__image-container__image\">\n\n                    <img decoding=\"async\" src=\"https:\/\/frivilligaresursgruppen.se\/wp-content\/uploads\/2025\/07\/hokon.jpg\" srcset=\"https:\/\/frivilligaresursgruppen.se\/wp-content\/uploads\/2025\/07\/hokon-300x225.jpg 300w, https:\/\/frivilligaresursgruppen.se\/wp-content\/uploads\/2025\/07\/hokon-1024x768.jpg 1024w, https:\/\/frivilligaresursgruppen.se\/wp-content\/uploads\/2025\/07\/hokon-768x576.jpg 768w, https:\/\/frivilligaresursgruppen.se\/wp-content\/uploads\/2025\/07\/hokon.jpg 1249w\" alt=\"\"\/>\n\n                <\/div>\n\n            <\/div>\n\n        \n    <\/div>\n<\/div>\n<\/div>","protected":false},"excerpt":{"rendered":"<p> [&#8230;]<\/p>\n<p><a class=\"btn btn-secondary understrap-read-more-link\" href=\"https:\/\/frivilligaresursgruppen.se\/frg-ostra-goinge-med-frg-osby-pa-hokon-marknad\/\">L\u00e4s mer \u2026<span class=\"screen-reader-text\"> from FRG \u00d6stra G\u00f6inge Med FRG osby p\u00e5 H\u00f6k\u00f6n Marknad<\/span><\/a><\/p>\n","protected":false},"author":255,"featured_media":0,"comment_status":"closed","ping_status":"closed","sticky":false,"template":"","format":"standard","meta":{"_acf_changed":false,"footnotes":""},"categories":[756],"tags":[],"class_list":["post-10386","post","type-post","status-publish","format-standard","hentry","category-alla"],"acf":[],"_links":{"self":[{"href":"https:\/\/frivilligaresursgruppen.se\/frg-xnbmox-json\/wp\/v2\/posts\/10386","targetHints":{"allow":["GET"]}}],"collection":[{"href":"https:\/\/frivilligaresursgruppen.se\/frg-xnbmox-json\/wp\/v2\/posts"}],"about":[{"href":"https:\/\/frivilligaresursgruppen.se\/frg-xnbmox-json\/wp\/v2\/types\/post"}],"author":[{"embeddable":true,"href":"https:\/\/frivilligaresursgruppen.se\/frg-xnbmox-json\/wp\/v2\/users\/255"}],"replies":[{"embeddable":true,"href":"https:\/\/frivilligaresursgruppen.se\/frg-xnbmox-json\/wp\/v2\/comments?post=10386"}],"version-history":[{"count":1,"href":"https:\/\/frivilligaresursgruppen.se\/frg-xnbmox-json\/wp\/v2\/posts\/10386\/revisions"}],"predecessor-version":[{"id":10388,"href":"https:\/\/frivilligaresursgruppen.se\/frg-xnbmox-json\/wp\/v2\/posts\/10386\/revisions\/10388"}],"wp:attachment":[{"href":"https:\/\/frivilligaresursgruppen.se\/frg-xnbmox-json\/wp\/v2\/media?parent=10386"}],"wp:term":[{"taxonomy":"category","embeddable":true,"href":"https:\/\/frivilligaresursgruppen.se\/frg-xnbmox-json\/wp\/v2\/categories?post=10386"},{"taxonomy":"post_tag","embeddable":true,"href":"https:\/\/frivilligaresursgruppen.se\/frg-xnbmox-json\/wp\/v2\/tags?post=10386"}],"curies":[{"name":"wp","href":"https:\/\/api.w.org\/{rel}","templated":true}]}}