{"id":11104,"date":"2025-10-09T21:11:50","date_gmt":"2025-10-09T19:11:50","guid":{"rendered":"https:\/\/frivilligaresursgruppen.se\/?p=11104"},"modified":"2025-10-09T21:44:54","modified_gmt":"2025-10-09T19:44:54","slug":"informationskvall","status":"publish","type":"post","link":"https:\/\/frivilligaresursgruppen.se\/informationskvall\/","title":{"rendered":"FRG H\u00f6gan\u00e4s &#8211; Informationskv\u00e4ll"},"content":{"rendered":"<div class=\"frg-text-image-block container-breakout\">\n\n        \n\n<div class=\"container\">\n\n    <div class=\"row frg-text-image\">\n\n        <div class=\"frg-text-image__text col-12 col-lg-5 frg-text-image__text--left\">\n\n            \n                <h1 class=\"frg-text-image__text__title h2\">Informationskv\u00e4ll<\/h1>\n\n            \n            \n                <p class=\"frg-text-image__text__text\">Tisdagen den 7 och onsdagen den 8 oktober hade vi i H\u00f6gan\u00e4s Frivilliga Resursgrupp informationskv\u00e4ll f\u00f6r ett antal intresserade som funderade p\u00e5 att ansluta till FRG H\u00f6gan\u00e4s\r\nBenny Bj\u00f6rk stod f\u00f6r informationen och rattade dator och bildsk\u00e4rm p\u00e5 b\u00e4sta s\u00e4tt.\r\nF\u00f6rhoppningsvis kan vi snart starta en ny grundutbildning i H\u00f6gan\u00e4s.<\/p>\n\n            \n            \n        <\/div>\n\n        \n            <div class=\"col-12 col-lg-6 offset-lg-1 frg-text-image__image-container\">\n\n                <div class=\"frg-text-image__image-container__image\">\n\n                    <img decoding=\"async\" src=\"https:\/\/frivilligaresursgruppen.se\/wp-content\/uploads\/2025\/10\/FRG-infokvall-rotated-e1760038399945.jpg\" srcset=\"https:\/\/frivilligaresursgruppen.se\/wp-content\/uploads\/2025\/10\/FRG-infokvall-rotated-e1760038399945-300x200.jpg 300w, https:\/\/frivilligaresursgruppen.se\/wp-content\/uploads\/2025\/10\/FRG-infokvall-rotated-e1760038399945.jpg 341w\" alt=\"\"\/>\n\n                <\/div>\n\n            <\/div>\n\n        \n    <\/div>\n<\/div>\n<\/div>","protected":false},"excerpt":{"rendered":"<p> [&#8230;]<\/p>\n<p><a class=\"btn btn-secondary understrap-read-more-link\" href=\"https:\/\/frivilligaresursgruppen.se\/informationskvall\/\">L\u00e4s mer \u2026<span class=\"screen-reader-text\"> from FRG H\u00f6gan\u00e4s &#8211; Informationskv\u00e4ll<\/span><\/a><\/p>\n","protected":false},"author":212,"featured_media":0,"comment_status":"closed","ping_status":"closed","sticky":false,"template":"","format":"standard","meta":{"_acf_changed":false,"footnotes":""},"categories":[756],"tags":[],"class_list":["post-11104","post","type-post","status-publish","format-standard","hentry","category-alla"],"acf":[],"_links":{"self":[{"href":"https:\/\/frivilligaresursgruppen.se\/frg-xnbmox-json\/wp\/v2\/posts\/11104","targetHints":{"allow":["GET"]}}],"collection":[{"href":"https:\/\/frivilligaresursgruppen.se\/frg-xnbmox-json\/wp\/v2\/posts"}],"about":[{"href":"https:\/\/frivilligaresursgruppen.se\/frg-xnbmox-json\/wp\/v2\/types\/post"}],"author":[{"embeddable":true,"href":"https:\/\/frivilligaresursgruppen.se\/frg-xnbmox-json\/wp\/v2\/users\/212"}],"replies":[{"embeddable":true,"href":"https:\/\/frivilligaresursgruppen.se\/frg-xnbmox-json\/wp\/v2\/comments?post=11104"}],"version-history":[{"count":5,"href":"https:\/\/frivilligaresursgruppen.se\/frg-xnbmox-json\/wp\/v2\/posts\/11104\/revisions"}],"predecessor-version":[{"id":11114,"href":"https:\/\/frivilligaresursgruppen.se\/frg-xnbmox-json\/wp\/v2\/posts\/11104\/revisions\/11114"}],"wp:attachment":[{"href":"https:\/\/frivilligaresursgruppen.se\/frg-xnbmox-json\/wp\/v2\/media?parent=11104"}],"wp:term":[{"taxonomy":"category","embeddable":true,"href":"https:\/\/frivilligaresursgruppen.se\/frg-xnbmox-json\/wp\/v2\/categories?post=11104"},{"taxonomy":"post_tag","embeddable":true,"href":"https:\/\/frivilligaresursgruppen.se\/frg-xnbmox-json\/wp\/v2\/tags?post=11104"}],"curies":[{"name":"wp","href":"https:\/\/api.w.org\/{rel}","templated":true}]}}