{"id":2749,"date":"2023-05-29T14:39:37","date_gmt":"2023-05-29T12:39:37","guid":{"rendered":"https:\/\/frivilligaresursgruppen.se\/?p=2749"},"modified":"2023-09-19T15:55:38","modified_gmt":"2023-09-19T13:55:38","slug":"frg-markaryd","status":"publish","type":"post","link":"https:\/\/frivilligaresursgruppen.se\/frg-markaryd\/","title":{"rendered":"FRG Markaryd"},"content":{"rendered":"<div class=\"frg-image frg-image--crop\">\n\n    \n\n\n<img decoding=\"async\" src=\"https:\/\/frivilligaresursgruppen.se\/wp-content\/uploads\/2023\/05\/FRG_Varmarknad-2023-scaled.jpg\" srcset=\"https:\/\/frivilligaresursgruppen.se\/wp-content\/uploads\/2023\/05\/FRG_Varmarknad-2023-278x300.jpg 278w, https:\/\/frivilligaresursgruppen.se\/wp-content\/uploads\/2023\/05\/FRG_Varmarknad-2023-949x1024.jpg 949w, https:\/\/frivilligaresursgruppen.se\/wp-content\/uploads\/2023\/05\/FRG_Varmarknad-2023-768x828.jpg 768w, https:\/\/frivilligaresursgruppen.se\/wp-content\/uploads\/2023\/05\/FRG_Varmarknad-2023-1424x1536.jpg 1424w, https:\/\/frivilligaresursgruppen.se\/wp-content\/uploads\/2023\/05\/FRG_Varmarknad-2023-1899x2048.jpg 1899w\" alt=\"\"\/>\n<\/div>\n\n\n<p>F\u00f6retr\u00e4dare fr\u00e5n Markaryds kommuns nybildade FRG-grupp deltog p\u00e5 den \u00e5rliga v\u00e5rmarknaden den 27 maj i Markaryd tillsammans med f\u00f6retr\u00e4dare fr\u00e5n Markaryds kommun. V\u00e5rmarknaden \u00e4r en \u00e5rlig tradition som lockar ut lokalbefolkningen men \u00e4ven drar till sig hemv\u00e4ndare och bes\u00f6kare fr\u00e5n andra kommuner. FRG-gruppen f\u00f6retr\u00e4ddes av Anders Bladh FRG-ansvarig och Lars-\u00c5ke Svensson. Syftet var i f\u00f6rsta hand informera kring vad FRG st\u00e5r f\u00f6r och vilka uppdrag som FRG kan bist\u00e5 kommunen med.<\/p>\n\n\n\n<p>Bildtext: Fr\u00e5n v\u00e4nster Anders Bladh FRG-ansvarig, Bengt-Ove Olsson S\u00e4kerhetschef, Lars-\u00c5ke Svensson FRG medlem<\/p>\n","protected":false},"excerpt":{"rendered":"<p>F\u00f6retr\u00e4dare fr\u00e5n Markaryds kommuns nybildade FRG-grupp deltog p\u00e5 den \u00e5rliga v\u00e5rmarknaden den 27 maj i Markaryd tillsammans med f\u00f6retr\u00e4dare fr\u00e5n Markaryds kommun. V\u00e5rmarknaden \u00e4r en \u00e5rlig tradition som lockar ut lokalbefolkningen men \u00e4ven drar till sig hemv\u00e4ndare och bes\u00f6kare fr\u00e5n andra kommuner. FRG-gruppen f\u00f6retr\u00e4ddes av Anders Bladh FRG-ansvarig och Lars-\u00c5ke Svensson. Syftet var i f\u00f6rsta [&#8230;]<\/p>\n<p><a class=\"btn btn-secondary understrap-read-more-link\" href=\"https:\/\/frivilligaresursgruppen.se\/frg-markaryd\/\">L\u00e4s mer \u2026<span class=\"screen-reader-text\"> from FRG Markaryd<\/span><\/a><\/p>\n","protected":false},"author":10,"featured_media":0,"comment_status":"closed","ping_status":"closed","sticky":false,"template":"","format":"standard","meta":{"_acf_changed":false,"footnotes":""},"categories":[1373],"tags":[],"class_list":["post-2749","post","type-post","status-publish","format-standard","hentry","category-markaryd"],"acf":[],"_links":{"self":[{"href":"https:\/\/frivilligaresursgruppen.se\/frg-xnbmox-json\/wp\/v2\/posts\/2749","targetHints":{"allow":["GET"]}}],"collection":[{"href":"https:\/\/frivilligaresursgruppen.se\/frg-xnbmox-json\/wp\/v2\/posts"}],"about":[{"href":"https:\/\/frivilligaresursgruppen.se\/frg-xnbmox-json\/wp\/v2\/types\/post"}],"author":[{"embeddable":true,"href":"https:\/\/frivilligaresursgruppen.se\/frg-xnbmox-json\/wp\/v2\/users\/10"}],"replies":[{"embeddable":true,"href":"https:\/\/frivilligaresursgruppen.se\/frg-xnbmox-json\/wp\/v2\/comments?post=2749"}],"version-history":[{"count":2,"href":"https:\/\/frivilligaresursgruppen.se\/frg-xnbmox-json\/wp\/v2\/posts\/2749\/revisions"}],"predecessor-version":[{"id":2751,"href":"https:\/\/frivilligaresursgruppen.se\/frg-xnbmox-json\/wp\/v2\/posts\/2749\/revisions\/2751"}],"wp:attachment":[{"href":"https:\/\/frivilligaresursgruppen.se\/frg-xnbmox-json\/wp\/v2\/media?parent=2749"}],"wp:term":[{"taxonomy":"category","embeddable":true,"href":"https:\/\/frivilligaresursgruppen.se\/frg-xnbmox-json\/wp\/v2\/categories?post=2749"},{"taxonomy":"post_tag","embeddable":true,"href":"https:\/\/frivilligaresursgruppen.se\/frg-xnbmox-json\/wp\/v2\/tags?post=2749"}],"curies":[{"name":"wp","href":"https:\/\/api.w.org\/{rel}","templated":true}]}}