{"id":2838,"date":"2023-06-03T08:08:07","date_gmt":"2023-06-03T06:08:07","guid":{"rendered":"https:\/\/frivilligaresursgruppen.se\/?p=2838"},"modified":"2023-09-19T15:54:16","modified_gmt":"2023-09-19T13:54:16","slug":"vi-lar-massor-av-varandra-genom-att-ova-sa-har","status":"publish","type":"post","link":"https:\/\/frivilligaresursgruppen.se\/vi-lar-massor-av-varandra-genom-att-ova-sa-har\/","title":{"rendered":"\u201dVi l\u00e4r massor av varandra genom att \u00f6va s\u00e5 h\u00e4r\u201d"},"content":{"rendered":"\n<p>21 april \u00f6vade V\u00e4stmanlands krisberedskapssamverkan, U-Sam, sin sambandsf\u00f6rm\u00e5ga i praktiken.                                              14 akt\u00f6rer samlades i skogen utanf\u00f6r Surahammar, FRG Hallstahammar Surahammar var en av akt\u00f6rerna p\u00e5 plats.<\/p>\n\n\n\n<p><\/p>\n\n\n<div class=\"frg-image frg-image--none\">\n\n    \n\n\n<img decoding=\"async\" src=\"https:\/\/frivilligaresursgruppen.se\/wp-content\/uploads\/2023\/06\/28.jpg\" srcset=\"https:\/\/frivilligaresursgruppen.se\/wp-content\/uploads\/2023\/06\/28-300x169.jpg 300w, https:\/\/frivilligaresursgruppen.se\/wp-content\/uploads\/2023\/06\/28-1024x579.jpg 1024w, https:\/\/frivilligaresursgruppen.se\/wp-content\/uploads\/2023\/06\/28-768x434.jpg 768w, https:\/\/frivilligaresursgruppen.se\/wp-content\/uploads\/2023\/06\/28-1536x868.jpg 1536w, https:\/\/frivilligaresursgruppen.se\/wp-content\/uploads\/2023\/06\/28.jpg 2048w\" alt=\"\"\/>\n<\/div>\n\n<div class=\"frg-text-image-block container-breakout\">\n\n        \n\n<div class=\"container\">\n\n    <div class=\"row frg-text-image\">\n\n        <div class=\"frg-text-image__text col-12 col-lg-5 frg-text-image__text--left\">\n\n            \n                <h1 class=\"frg-text-image__text__title h2\">R\u00f6ster fr\u00e5n dagen<\/h1>\n\n            \n            \n                <p class=\"frg-text-image__text__text\">&#8221;Det \u00e4r j\u00e4tteroligt att det \u00e4r s\u00e5 pass m\u00e5nga organisationer som har tagit sig tid att vara med p\u00e5 den h\u00e4r \u00f6vningen. Vi l\u00e4r massor av varandra genom att \u00f6va s\u00e5 h\u00e4r, s\u00e4ger Mikael Lindgren, sambandsansvarig p\u00e5 Polisregion Mitt&#8221;\r\n<\/p>\n\n            \n            \n        <\/div>\n\n        \n            <div class=\"col-12 col-lg-6 offset-lg-1 frg-text-image__image-container\">\n\n                <div class=\"frg-text-image__image-container__image\">\n\n                    <img decoding=\"async\" src=\"https:\/\/frivilligaresursgruppen.se\/wp-content\/uploads\/2023\/06\/DSC_9437s-scaled.jpg\" srcset=\"https:\/\/frivilligaresursgruppen.se\/wp-content\/uploads\/2023\/06\/DSC_9437s-200x300.jpg 200w, https:\/\/frivilligaresursgruppen.se\/wp-content\/uploads\/2023\/06\/DSC_9437s-683x1024.jpg 683w, https:\/\/frivilligaresursgruppen.se\/wp-content\/uploads\/2023\/06\/DSC_9437s-768x1151.jpg 768w, https:\/\/frivilligaresursgruppen.se\/wp-content\/uploads\/2023\/06\/DSC_9437s-1025x1536.jpg 1025w, https:\/\/frivilligaresursgruppen.se\/wp-content\/uploads\/2023\/06\/DSC_9437s-1367x2048.jpg 1367w, https:\/\/frivilligaresursgruppen.se\/wp-content\/uploads\/2023\/06\/DSC_9437s-scaled.jpg 1709w\" alt=\"\"\/>\n\n                <\/div>\n\n            <\/div>\n\n        \n    <\/div>\n<\/div>\n<\/div>\n\n<div class=\"frg-text-image-block container-breakout\">\n\n        \n\n<div class=\"container\">\n\n    <div class=\"row frg-text-image\">\n\n        <div class=\"frg-text-image__text col-12 col-lg-5 frg-text-image__text--left\">\n\n            \n                <h1 class=\"frg-text-image__text__title h2\">Surahammars kommun<\/h1>\n\n            \n            \n                <p class=\"frg-text-image__text__text\">&#8221;Vi samarbetar med FRG och FRO, vi jobbar tillsammans f\u00f6r att ha ett samarbete med frivilligorganisationerna, s\u00e4ger Andreas Hagwall, s\u00e4kerhetschef p\u00e5 Surahammars kommun&#8221;<\/p>\n\n            \n            \n        <\/div>\n\n        \n            <div class=\"col-12 col-lg-6 offset-lg-1 frg-text-image__image-container\">\n\n                <div class=\"frg-text-image__image-container__image\">\n\n                    <img decoding=\"async\" src=\"https:\/\/frivilligaresursgruppen.se\/wp-content\/uploads\/2023\/06\/DSC_9412-frg-scaled.jpg\" srcset=\"https:\/\/frivilligaresursgruppen.se\/wp-content\/uploads\/2023\/06\/DSC_9412-frg-200x300.jpg 200w, https:\/\/frivilligaresursgruppen.se\/wp-content\/uploads\/2023\/06\/DSC_9412-frg-683x1024.jpg 683w, https:\/\/frivilligaresursgruppen.se\/wp-content\/uploads\/2023\/06\/DSC_9412-frg-768x1151.jpg 768w, https:\/\/frivilligaresursgruppen.se\/wp-content\/uploads\/2023\/06\/DSC_9412-frg-1025x1536.jpg 1025w, https:\/\/frivilligaresursgruppen.se\/wp-content\/uploads\/2023\/06\/DSC_9412-frg-1367x2048.jpg 1367w, https:\/\/frivilligaresursgruppen.se\/wp-content\/uploads\/2023\/06\/DSC_9412-frg-scaled.jpg 1709w\" alt=\"\"\/>\n\n                <\/div>\n\n            <\/div>\n\n        \n    <\/div>\n<\/div>\n<\/div>\n\n<div class=\"frg-text-image-block container-breakout\">\n\n        \n\n<div class=\"container\">\n\n    <div class=\"row frg-text-image\">\n\n        <div class=\"frg-text-image__text col-12 col-lg-5 frg-text-image__text--left\">\n\n            \n                <h1 class=\"frg-text-image__text__title h2\">FRG Hallstahammar Surahammar<\/h1>\n\n            \n            \n                <p class=\"frg-text-image__text__text\">&#8221;Vi hj\u00e4lper till och k\u00f6r markservice f\u00f6r den h\u00e4r grupperingen. Ser till att allt finns p\u00e5 plats, ordnar mat, sk\u00f6ter elverk, \u00e4r v\u00e4gvisare, parkeringsvakter och k\u00f6r minibuss med uppgift att lotsa akt\u00f6rer fr\u00e5n parkering till gruppering. P\u00e5 senaste tiden har vi varit ute ganska ofta och det \u00e4r bra uppgifter f\u00f6r oss, vi \u00e4r h\u00e4nder och f\u00f6tter, s\u00e4ger Christian Lindell, FRG-ansvarig f\u00f6r Hallstahammar och Surahammar&#8221;<\/p>\n\n            \n            \n            <a class=\"frg-text-image__text__link btn btn-transparent\" href=\"https:\/\/www.facebook.com\/hallstahammarfrg\" target=\"_blank\">\n\n                F\u00f6lj oss i FRG Hallstahammar Surahammar p\u00e5 Facebook\n            <\/a>\n\n            \n        <\/div>\n\n        \n            <div class=\"col-12 col-lg-6 offset-lg-1 frg-text-image__image-container\">\n\n                <div class=\"frg-text-image__image-container__image\">\n\n                    <img decoding=\"async\" src=\"https:\/\/frivilligaresursgruppen.se\/wp-content\/uploads\/2023\/06\/Skarmbild-2023-06-03-075517.png\" srcset=\"https:\/\/frivilligaresursgruppen.se\/wp-content\/uploads\/2023\/06\/Skarmbild-2023-06-03-075517-300x216.png 300w, https:\/\/frivilligaresursgruppen.se\/wp-content\/uploads\/2023\/06\/Skarmbild-2023-06-03-075517-1024x738.png 1024w, https:\/\/frivilligaresursgruppen.se\/wp-content\/uploads\/2023\/06\/Skarmbild-2023-06-03-075517-768x554.png 768w, https:\/\/frivilligaresursgruppen.se\/wp-content\/uploads\/2023\/06\/Skarmbild-2023-06-03-075517.png 1287w\" alt=\"\"\/>\n\n                <\/div>\n\n            <\/div>\n\n        \n    <\/div>\n<\/div>\n<\/div>\n\n\n<h2 class=\"wp-block-heading\"><\/h2>\n","protected":false},"excerpt":{"rendered":"<p>21 april \u00f6vade V\u00e4stmanlands krisberedskapssamverkan, U-Sam, sin sambandsf\u00f6rm\u00e5ga i praktiken. 14 akt\u00f6rer samlades i skogen utanf\u00f6r Surahammar, FRG Hallstahammar Surahammar var en av akt\u00f6rerna p\u00e5 plats. [&#8230;]<\/p>\n<p><a class=\"btn btn-secondary understrap-read-more-link\" href=\"https:\/\/frivilligaresursgruppen.se\/vi-lar-massor-av-varandra-genom-att-ova-sa-har\/\">L\u00e4s mer \u2026<span class=\"screen-reader-text\"> from \u201dVi l\u00e4r massor av varandra genom att \u00f6va s\u00e5 h\u00e4r\u201d<\/span><\/a><\/p>\n","protected":false},"author":13,"featured_media":0,"comment_status":"closed","ping_status":"closed","sticky":false,"template":"","format":"standard","meta":{"_acf_changed":false,"footnotes":""},"categories":[1455,1456,1453],"tags":[],"class_list":["post-2838","post","type-post","status-publish","format-standard","hentry","category-hallstahammar","category-surahammar","category-vstmanland"],"acf":[],"_links":{"self":[{"href":"https:\/\/frivilligaresursgruppen.se\/frg-xnbmox-json\/wp\/v2\/posts\/2838","targetHints":{"allow":["GET"]}}],"collection":[{"href":"https:\/\/frivilligaresursgruppen.se\/frg-xnbmox-json\/wp\/v2\/posts"}],"about":[{"href":"https:\/\/frivilligaresursgruppen.se\/frg-xnbmox-json\/wp\/v2\/types\/post"}],"author":[{"embeddable":true,"href":"https:\/\/frivilligaresursgruppen.se\/frg-xnbmox-json\/wp\/v2\/users\/13"}],"replies":[{"embeddable":true,"href":"https:\/\/frivilligaresursgruppen.se\/frg-xnbmox-json\/wp\/v2\/comments?post=2838"}],"version-history":[{"count":33,"href":"https:\/\/frivilligaresursgruppen.se\/frg-xnbmox-json\/wp\/v2\/posts\/2838\/revisions"}],"predecessor-version":[{"id":2878,"href":"https:\/\/frivilligaresursgruppen.se\/frg-xnbmox-json\/wp\/v2\/posts\/2838\/revisions\/2878"}],"wp:attachment":[{"href":"https:\/\/frivilligaresursgruppen.se\/frg-xnbmox-json\/wp\/v2\/media?parent=2838"}],"wp:term":[{"taxonomy":"category","embeddable":true,"href":"https:\/\/frivilligaresursgruppen.se\/frg-xnbmox-json\/wp\/v2\/categories?post=2838"},{"taxonomy":"post_tag","embeddable":true,"href":"https:\/\/frivilligaresursgruppen.se\/frg-xnbmox-json\/wp\/v2\/tags?post=2838"}],"curies":[{"name":"wp","href":"https:\/\/api.w.org\/{rel}","templated":true}]}}