{"id":3007,"date":"2023-06-11T09:26:09","date_gmt":"2023-06-11T07:26:09","guid":{"rendered":"https:\/\/frivilligaresursgruppen.se\/?p=3007"},"modified":"2023-06-11T09:30:50","modified_gmt":"2023-06-11T07:30:50","slug":"3007-2","status":"publish","type":"post","link":"https:\/\/frivilligaresursgruppen.se\/3007-2\/","title":{"rendered":"Civo Mitt"},"content":{"rendered":"\n<h2 class=\"wp-block-heading\">&#8221;FRG kansliet\/samverkan\/arcMember-rekrytering\/presentationer\/FRG framtid&#8230;&#8230;&#8221;<\/h2>\n\n\n\n<h5 class=\"wp-block-heading\"><strong>Civo m\u00f6te i Hallstahammars kommun<\/strong><\/h5>\n\n\n<div class=\"frg-image frg-image--crop\">\n\n    \n\n\n<img decoding=\"async\" src=\"https:\/\/frivilligaresursgruppen.se\/wp-content\/uploads\/2023\/06\/Skarmbild-2023-06-11-090633-e1698921230346.jpg\" srcset=\"https:\/\/frivilligaresursgruppen.se\/wp-content\/uploads\/2023\/06\/Skarmbild-2023-06-11-090633-300x208.jpg 300w, https:\/\/frivilligaresursgruppen.se\/wp-content\/uploads\/2023\/06\/Skarmbild-2023-06-11-090633-1024x710.jpg 1024w, https:\/\/frivilligaresursgruppen.se\/wp-content\/uploads\/2023\/06\/Skarmbild-2023-06-11-090633-768x533.jpg 768w\" alt=\"\"\/>\n<\/div>\n\n\n<p>FRG Hallstahammar Surahammar agerade v\u00e4rd f\u00f6r den sista Civo tr\u00e4ffen. Information och samtal om FRG verksamheten, engagerade FRG ansvariga fr\u00e5n V\u00e4stmanlands l\u00e4n, S\u00f6dermanlands l\u00e4n och \u00d6rebro l\u00e4n.<\/p>\n\n\n\n<p>Tr\u00e4ffen \u00e4gde rum i Hallstahammars kommunhus l\u00f6rdagen den 10 juni.<\/p>\n\n\n\n<p><\/p>\n","protected":false},"excerpt":{"rendered":"<p>&#8221;FRG kansliet\/samverkan\/arcMember-rekrytering\/presentationer\/FRG framtid&#8230;&#8230;&#8221; Civo m\u00f6te i Hallstahammars kommun FRG Hallstahammar Surahammar agerade v\u00e4rd f\u00f6r den sista Civo tr\u00e4ffen. Information och samtal om FRG verksamheten, engagerade FRG ansvariga fr\u00e5n V\u00e4stmanlands l\u00e4n, S\u00f6dermanlands l\u00e4n och \u00d6rebro l\u00e4n. Tr\u00e4ffen \u00e4gde rum i Hallstahammars kommunhus l\u00f6rdagen den 10 juni. [&#8230;]<\/p>\n<p><a class=\"btn btn-secondary understrap-read-more-link\" href=\"https:\/\/frivilligaresursgruppen.se\/3007-2\/\">L\u00e4s mer \u2026<span class=\"screen-reader-text\"> from Civo Mitt<\/span><\/a><\/p>\n","protected":false},"author":13,"featured_media":0,"comment_status":"closed","ping_status":"closed","sticky":false,"template":"","format":"standard","meta":{"_acf_changed":false,"footnotes":""},"categories":[756,1455,1456,1453],"tags":[],"class_list":["post-3007","post","type-post","status-publish","format-standard","hentry","category-alla","category-hallstahammar","category-surahammar","category-vstmanland"],"acf":[],"_links":{"self":[{"href":"https:\/\/frivilligaresursgruppen.se\/frg-xnbmox-json\/wp\/v2\/posts\/3007","targetHints":{"allow":["GET"]}}],"collection":[{"href":"https:\/\/frivilligaresursgruppen.se\/frg-xnbmox-json\/wp\/v2\/posts"}],"about":[{"href":"https:\/\/frivilligaresursgruppen.se\/frg-xnbmox-json\/wp\/v2\/types\/post"}],"author":[{"embeddable":true,"href":"https:\/\/frivilligaresursgruppen.se\/frg-xnbmox-json\/wp\/v2\/users\/13"}],"replies":[{"embeddable":true,"href":"https:\/\/frivilligaresursgruppen.se\/frg-xnbmox-json\/wp\/v2\/comments?post=3007"}],"version-history":[{"count":53,"href":"https:\/\/frivilligaresursgruppen.se\/frg-xnbmox-json\/wp\/v2\/posts\/3007\/revisions"}],"predecessor-version":[{"id":3062,"href":"https:\/\/frivilligaresursgruppen.se\/frg-xnbmox-json\/wp\/v2\/posts\/3007\/revisions\/3062"}],"wp:attachment":[{"href":"https:\/\/frivilligaresursgruppen.se\/frg-xnbmox-json\/wp\/v2\/media?parent=3007"}],"wp:term":[{"taxonomy":"category","embeddable":true,"href":"https:\/\/frivilligaresursgruppen.se\/frg-xnbmox-json\/wp\/v2\/categories?post=3007"},{"taxonomy":"post_tag","embeddable":true,"href":"https:\/\/frivilligaresursgruppen.se\/frg-xnbmox-json\/wp\/v2\/tags?post=3007"}],"curies":[{"name":"wp","href":"https:\/\/api.w.org\/{rel}","templated":true}]}}