{"id":8138,"date":"2024-10-11T15:16:50","date_gmt":"2024-10-11T13:16:50","guid":{"rendered":"https:\/\/frivilligaresursgruppen.se\/?p=8138"},"modified":"2024-10-11T15:23:03","modified_gmt":"2024-10-11T13:23:03","slug":"intervju-om-hur-frg-startade","status":"publish","type":"post","link":"https:\/\/frivilligaresursgruppen.se\/intervju-om-hur-frg-startade\/","title":{"rendered":"Intervju om hur FRG startade"},"content":{"rendered":"\n<p>Jan Alsander, 71, var en av dem som var med och startade Frivilliga Resursgruppen (FRG). H\u00e4r ber\u00e4ttar han om hur det gick till.<\/p>\n\n\n\n<div class=\"container-breakout frg-spacer-block frg-spacer-block--medium\">\n\n<\/div>\n\n\n<p><strong>Kan du ber\u00e4tta lite kort om dig sj\u00e4lv, Jan?<\/strong><\/p>\n\n\n\n<p>\u2013 Jag har varit l\u00e4rare i 25 \u00e5r. I grunden var jag mellanstadiel\u00e4rare, d\u00e5 jobbade jag mycket med l\u00e4gerverksamhet. D\u00e4r fick eleverna l\u00e4ra sig om bland annat milj\u00f6v\u00e5rd, naturen och v\u00e4xter. S\u00e5 sm\u00e5ningom b\u00f6rjade jag som h\u00f6gstadiel\u00e4rare, d\u00e5 det var ont om s\u00e5dana p\u00e5 80-talet i S\u00f6rmland. \u00c4ven d\u00e4r jobbade jag med l\u00e4gerskolor, d\u00e4r eleverna bland annat l\u00e4rde sig om demokrati. De fick ocks\u00e5 \u00e5ka upp till Stockholm f\u00f6r att se hur Sverige styrs och hur en storstad fungerar med avlopp och annan infrastruktur.&nbsp;<\/p>\n\n\n\n<p>\u2013 P\u00e5 80-talet kunde man skapa lokala tillvals\u00e4mnen. Jag gjorde ett som hette \u201d\u00d6verlevnad\u201d. \u00d6verstyrelsen f\u00f6r civil beredskap (\u00d6CB), som senare blev Krisberedskapsmyndigheten (KBM), uppm\u00e4rksammade detta eftersom undervisningens inneh\u00e5ll kunde bidra till en \u00f6kad h\u00e5llbarhet b\u00e5de d\u00e5 det g\u00e4ller hemberedskap och milj\u00f6.<\/p>\n\n\n\n<p>\u2013 N\u00e4r Svenska \u00d6verlevnadss\u00e4llskapet startade gick jag med d\u00e4r. Stefan Kjellman och Harry Sepp som jobbade p\u00e5 Civilf\u00f6rsvarsf\u00f6rbundet tyckte att jag skulle bli instrukt\u00f6r. \u00c5r 2000 fick jag anst\u00e4llning p\u00e5 kansliet som utbildningskonsulent och senare utbildningschef i 17 \u00e5r. Jag \u00e4r fortfarande medlem i Civilf\u00f6rsvarsf\u00f6rbundet och jag grundutbildar fortfarande FRG-ansvariga. Det g\u00f6r jag tre g\u00e5nger om \u00e5ret, tillsammans med Ammi Axelson, Civilf\u00f6rsvarsf\u00f6rbundets ordf\u00f6rande.<\/p>\n\n\n\n<p><strong>Hur f\u00f6ddes ditt intresse f\u00f6r krisberedskap?<\/strong><\/p>\n\n\n\n<p>\u2013 Fr\u00e5n mitt naturintresse. Jag har alltid varit intresserad av vad naturen kan ge. Det \u00e4r roligt att kunna s\u00e5 mycket som m\u00f6jligt. Naturintresset blir os\u00f6kt krisberedskap; n\u00e4r allt tar slut, hur f\u00e5r jag d\u00e5 tag i mat, vatten, skydd\u2026? Allting finns i naturen, allting g\u00e5r att g\u00f6ra, bara man vet hur man g\u00f6r. Men det kan ta tid, det kan vara fel \u00e5rstid.<\/p>\n\n\n\n<p><strong>Ber\u00e4tta hur det gick till n\u00e4r FRG startade!<\/strong><\/p>\n\n\n\n<p>\u2013 F\u00f6rut fanns det n\u00e5got som hette Hemskyddet. Hemskyddet hade till uppgift att f\u00e5 m\u00e4nniskor att \u00f6verleva. De hj\u00e4lpte bland annat till med skyddsrum, att ge information och med matlagning. Hemskyddet fanns i alla Sveriges kommuner. Kommunen best\u00e4mde sj\u00e4lva hur stort ett hemskyddsomr\u00e5de skulle vara. I hemskyddsomr\u00e5dena fanns en hemskyddsgrupp, tv\u00e5 eller tre hemskyddsgruppchefer och olika hemskyddsombud. De gjorde hemskyddsunderlag, knackade d\u00f6rr och pratade med folk, s\u00e5g om n\u00e5gon beh\u00f6vde hj\u00e4lp och skrev ned om n\u00e5gon hade n\u00e5gon form av handikapp.<\/p>\n\n\n\n<p>\u2013 Hemskyddet var en organisation som bara kunde tas ut under h\u00f6jd beredskap. De hade f\u00e5tt en gedigen utbildning, men man kunde inte ta ut hemskyddet under fred. Det var mycket prat om detta. Sen p\u00e5 90-talet kom den eviga freden och d\u00e5 beh\u00f6vdes inte skyddet. Men man ville ta vara p\u00e5 kunskapen och g\u00f6ra n\u00e5got frivilligt, f\u00f6r insatser i fredstid. Det blev Frivilliga Resursgruppen, FRG.<\/p>\n\n\n\n<p>\u2013 FRG startade 2004. Men man hade f\u00e5tt pengar till provutbildningar innan. Det var i stort sett samma inneh\u00e5ll i utbildningarna som innan. M\u00e4nniskor beh\u00f6ver samma saker, det \u00e4r bara l\u00f6sningarna som skiljer sig \u00e5t.<\/p>\n\n\n\n<p>\u2013 Lunds kommun var tidiga att jobba med FRG. Beredskapschef Hans Pettersson var Civilf\u00f6rsvarsf\u00f6rbundet vice f\u00f6rbundsordf\u00f6rande. Faluns kommun var ocks\u00e5 tidiga med sin FRG. Dessa tv\u00e5 kommuner var med och testade utbildningen. De var bland de som var med fr\u00e5n b\u00f6rjan.<\/p>\n\n\n\n<p><strong>Hur s\u00e5g intresset f\u00f6r FRG ut i b\u00f6rjan?<\/strong><\/p>\n\n\n\n<p>\u2013 Det var j\u00e4ttestort! M\u00e5nga ville g\u00e5 direkt fr\u00e5n hemskyddet till FRG. Problemet med FRG \u00e4r att man utbildar m\u00e5nga som \u00e4r aktiva i cirka 5\u201310 \u00e5r, sen utbildar man nya igen. Det \u00e4r sj\u00e4lva grejen med att man anv\u00e4nder frivilliga. Det positiva \u00e4r att man f\u00e5r ett engagemang man inte f\u00e5r annars.<\/p>\n\n\n\n<p>\u2013 Men m\u00e5nga var r\u00e4dda f\u00f6r FRG inom kommunerna. R\u00e4dda att de skulle ta jobben ifr\u00e5n deltidsbrandm\u00e4nnen. Det fanns en stor os\u00e4kerhet fr\u00e5n b\u00f6rjan. Men sen ins\u00e5g de att det h\u00e4r \u00e4r n\u00e5got annat, de kommer f\u00e5 hj\u00e4lp, inte bli ersatta.<\/p>\n\n\n\n<p>\u2013 En del kommuner hade FRG ett tag, sen rann det ut i sanden. Om de aldrig blev inkallade att g\u00f6ra n\u00e5got i kommunen s\u00e5 svalnade intresset. Detta f\u00f6rst\u00e5r man mer nu. Man l\u00e5ter personerna komma in och hj\u00e4lpa till med saker n\u00e4r det passar. Man fikar, de f\u00e5r reda p\u00e5 nyheter fr\u00e5n kommunen.<\/p>\n\n\n<div class=\"frg-image frg-image--crop\">\n\n    \n\n\n<img decoding=\"async\" src=\"https:\/\/frivilligaresursgruppen.se\/wp-content\/uploads\/2024\/10\/arabemiraten-pa-plats.jpg\" srcset=\"https:\/\/frivilligaresursgruppen.se\/wp-content\/uploads\/2024\/10\/arabemiraten-pa-plats-300x225.jpg 300w, https:\/\/frivilligaresursgruppen.se\/wp-content\/uploads\/2024\/10\/arabemiraten-pa-plats.jpg 400w\" alt=\"\"\/>\n<\/div>\n\n\n<p><strong>Kan du ber\u00e4tta om en minnesv\u00e4rd h\u00e4ndelse kopplat till FRG?<\/strong><\/p>\n\n\n\n<p>\u2013 Ett exempel \u00e4r n\u00e4r jag var med och utbildade frivilliga i F\u00f6renade Arabemiraten tillsammans med Civilf\u00f6rsvarsf\u00f6rbundet. F\u00f6renade Arabemiraten ville ha n\u00e5got som kunde engagera m\u00e4nniskor frivilligt, s\u00e4rskilt ungdomar som inte har n\u00e5got att g\u00f6ra. De f\u00f6rs\u00f6ka bygga upp en s\u00e5dan organisation. Efter att ha varit hos oss p\u00e5 studiebes\u00f6k blev de intresserade av FRG och valde ut oss som f\u00f6rebild. Civilf\u00f6rsvarsf\u00f6rbundet fick i uppdrag att utbilda F\u00f6renade Arabemiraten, men anpassat till deras f\u00f6rh\u00e5llanden d\u00e4r nere.<\/p>\n\n\n\n<p><strong>Vad skulle du till sist vilja s\u00e4ga till den som \u00e4r intresserad av att g\u00e5 med i FRG?<\/strong><\/p>\n\n\n\n<p>\u2013 Jag tycker absolut att de ska ta kontakt med sin lokala civilf\u00f6rsvarsf\u00f6rening, som oftast \u00e4r den som sk\u00f6ter om utbildningarna. De kan ocks\u00e5 ta kontakt med sin kommun.<\/p>\n\n\n\n<p>\u2013 Genom att vara en resurs i FRG k\u00e4nner man att man g\u00f6r skillnad, f\u00f6r det g\u00f6r man n\u00e4r man hj\u00e4lper andra m\u00e4nniskor. Och d\u00e5 m\u00e5r man \u00e4ven b\u00e4ttre sj\u00e4lv. Det \u00e4r viktigt f\u00f6r psyket att hj\u00e4lpa andra i n\u00f6d. Genom att hj\u00e4lpa andra s\u00e5 hj\u00e4lper man sig sj\u00e4lv.<\/p>\n","protected":false},"excerpt":{"rendered":"<p>Jan Alsander, 71, var en av dem som var med och startade Frivilliga Resursgruppen (FRG). H\u00e4r ber\u00e4ttar han om hur det gick till. Kan du ber\u00e4tta lite kort om dig sj\u00e4lv, Jan? \u2013 Jag har varit l\u00e4rare i 25 \u00e5r. I grunden var jag mellanstadiel\u00e4rare, d\u00e5 jobbade jag mycket med l\u00e4gerverksamhet. D\u00e4r fick eleverna l\u00e4ra [&#8230;]<\/p>\n<p><a class=\"btn btn-secondary understrap-read-more-link\" href=\"https:\/\/frivilligaresursgruppen.se\/intervju-om-hur-frg-startade\/\">L\u00e4s mer \u2026<span class=\"screen-reader-text\"> from Intervju om hur FRG startade<\/span><\/a><\/p>\n","protected":false},"author":5,"featured_media":8142,"comment_status":"closed","ping_status":"closed","sticky":false,"template":"","format":"standard","meta":{"_acf_changed":false,"footnotes":""},"categories":[756],"tags":[],"class_list":["post-8138","post","type-post","status-publish","format-standard","has-post-thumbnail","hentry","category-alla"],"acf":[],"_links":{"self":[{"href":"https:\/\/frivilligaresursgruppen.se\/frg-xnbmox-json\/wp\/v2\/posts\/8138","targetHints":{"allow":["GET"]}}],"collection":[{"href":"https:\/\/frivilligaresursgruppen.se\/frg-xnbmox-json\/wp\/v2\/posts"}],"about":[{"href":"https:\/\/frivilligaresursgruppen.se\/frg-xnbmox-json\/wp\/v2\/types\/post"}],"author":[{"embeddable":true,"href":"https:\/\/frivilligaresursgruppen.se\/frg-xnbmox-json\/wp\/v2\/users\/5"}],"replies":[{"embeddable":true,"href":"https:\/\/frivilligaresursgruppen.se\/frg-xnbmox-json\/wp\/v2\/comments?post=8138"}],"version-history":[{"count":8,"href":"https:\/\/frivilligaresursgruppen.se\/frg-xnbmox-json\/wp\/v2\/posts\/8138\/revisions"}],"predecessor-version":[{"id":8150,"href":"https:\/\/frivilligaresursgruppen.se\/frg-xnbmox-json\/wp\/v2\/posts\/8138\/revisions\/8150"}],"wp:featuredmedia":[{"embeddable":true,"href":"https:\/\/frivilligaresursgruppen.se\/frg-xnbmox-json\/wp\/v2\/media\/8142"}],"wp:attachment":[{"href":"https:\/\/frivilligaresursgruppen.se\/frg-xnbmox-json\/wp\/v2\/media?parent=8138"}],"wp:term":[{"taxonomy":"category","embeddable":true,"href":"https:\/\/frivilligaresursgruppen.se\/frg-xnbmox-json\/wp\/v2\/categories?post=8138"},{"taxonomy":"post_tag","embeddable":true,"href":"https:\/\/frivilligaresursgruppen.se\/frg-xnbmox-json\/wp\/v2\/tags?post=8138"}],"curies":[{"name":"wp","href":"https:\/\/api.w.org\/{rel}","templated":true}]}}