{"id":8217,"date":"2024-10-16T14:24:12","date_gmt":"2024-10-16T12:24:12","guid":{"rendered":"https:\/\/frivilligaresursgruppen.se\/?p=8217"},"modified":"2024-10-16T14:24:12","modified_gmt":"2024-10-16T12:24:12","slug":"forsvarsvilja-kommuners-krigsorganisation-och-frivilliga-forsvarsorganisationers-bidrag-i-totalforsvaret-en-heldag-med-civo-syd","status":"publish","type":"post","link":"https:\/\/frivilligaresursgruppen.se\/forsvarsvilja-kommuners-krigsorganisation-och-frivilliga-forsvarsorganisationers-bidrag-i-totalforsvaret-en-heldag-med-civo-syd\/","title":{"rendered":"F\u00f6rsvarsvilja, kommuners krigsorganisation och frivilliga f\u00f6rsvarsorganisationers bidrag i totalf\u00f6rsvaret &#8211; en heldag med Civo Syd"},"content":{"rendered":"\n<p>I samverkan med de Frivilliga F\u00f6rsvarsorganisationernas samarbetskommitt\u00e9 (FOS) samt l\u00e4nsstyrelserna i Sk\u00e5ne, Kronoberg och Blekinge, anordnade chefen f\u00f6r S\u00f6dra civilomr\u00e5det Anneli Hulth\u00e9n en dag om f\u00f6rsvarsvilja, krigsorganisation och frivilliga f\u00f6rsvarsorganisationers bidrag till totalf\u00f6rsvaret.<br>Syftet var att st\u00e4rka f\u00f6rm\u00e5gan att bygga krigsorganisation samt \u00f6ka kunskapen om de frivilliga f\u00f6rsvarsorganisationerna. En m\u00e5ls\u00e4ttning var att visa vilken stark resurs medlemmar i de frivilliga f\u00f6rsvarsorganisationerna kan utg\u00f6ra i en krigsorganisation.<br>Vi fick konkreta tips och f\u00f6rslag kring att krigsplacera frivilliga fr\u00e5n en kommun som p\u00e5b\u00f6rjat arbetet och relevanta myndigheter ber\u00e4ttade om vilka regelverk och f\u00f6ruts\u00e4ttningar som finns.<\/p>\n\n\n<div class=\"frg-image frg-image--crop\">\n\n    \n\n\n<img decoding=\"async\" src=\"https:\/\/frivilligaresursgruppen.se\/wp-content\/uploads\/2024\/10\/Laila-och-Carina-i-diskussion-med-MSB-representant-20241015.jpg\" srcset=\"https:\/\/frivilligaresursgruppen.se\/wp-content\/uploads\/2024\/10\/Laila-och-Carina-i-diskussion-med-MSB-representant-20241015-300x225.jpg 300w, https:\/\/frivilligaresursgruppen.se\/wp-content\/uploads\/2024\/10\/Laila-och-Carina-i-diskussion-med-MSB-representant-20241015-1024x768.jpg 1024w, https:\/\/frivilligaresursgruppen.se\/wp-content\/uploads\/2024\/10\/Laila-och-Carina-i-diskussion-med-MSB-representant-20241015-768x576.jpg 768w, https:\/\/frivilligaresursgruppen.se\/wp-content\/uploads\/2024\/10\/Laila-och-Carina-i-diskussion-med-MSB-representant-20241015-1536x1152.jpg 1536w, https:\/\/frivilligaresursgruppen.se\/wp-content\/uploads\/2024\/10\/Laila-och-Carina-i-diskussion-med-MSB-representant-20241015.jpg 2048w\" alt=\"\"\/>\n<\/div>\n\n<div class=\"frg-image frg-image--crop\">\n\n    \n\n\n<img decoding=\"async\" src=\"https:\/\/frivilligaresursgruppen.se\/wp-content\/uploads\/2024\/10\/FMCK-20241015.jpg\" srcset=\"https:\/\/frivilligaresursgruppen.se\/wp-content\/uploads\/2024\/10\/FMCK-20241015-300x225.jpg 300w, https:\/\/frivilligaresursgruppen.se\/wp-content\/uploads\/2024\/10\/FMCK-20241015-1024x768.jpg 1024w, https:\/\/frivilligaresursgruppen.se\/wp-content\/uploads\/2024\/10\/FMCK-20241015-768x576.jpg 768w, https:\/\/frivilligaresursgruppen.se\/wp-content\/uploads\/2024\/10\/FMCK-20241015-1536x1152.jpg 1536w, https:\/\/frivilligaresursgruppen.se\/wp-content\/uploads\/2024\/10\/FMCK-20241015.jpg 2048w\" alt=\"\"\/>\n<\/div>\n\n<div class=\"frg-image frg-image--crop\">\n\n    \n\n\n<img decoding=\"async\" src=\"https:\/\/frivilligaresursgruppen.se\/wp-content\/uploads\/2024\/10\/Monteryta-20241015.jpg\" srcset=\"https:\/\/frivilligaresursgruppen.se\/wp-content\/uploads\/2024\/10\/Monteryta-20241015-300x225.jpg 300w, https:\/\/frivilligaresursgruppen.se\/wp-content\/uploads\/2024\/10\/Monteryta-20241015-1024x768.jpg 1024w, https:\/\/frivilligaresursgruppen.se\/wp-content\/uploads\/2024\/10\/Monteryta-20241015-768x576.jpg 768w, https:\/\/frivilligaresursgruppen.se\/wp-content\/uploads\/2024\/10\/Monteryta-20241015-1536x1152.jpg 1536w, https:\/\/frivilligaresursgruppen.se\/wp-content\/uploads\/2024\/10\/Monteryta-20241015.jpg 2048w\" alt=\"\"\/>\n<\/div>","protected":false},"excerpt":{"rendered":"<p>I samverkan med de Frivilliga F\u00f6rsvarsorganisationernas samarbetskommitt\u00e9 (FOS) samt l\u00e4nsstyrelserna i Sk\u00e5ne, Kronoberg och Blekinge, anordnade chefen f\u00f6r S\u00f6dra civilomr\u00e5det Anneli Hulth\u00e9n en dag om f\u00f6rsvarsvilja, krigsorganisation och frivilliga f\u00f6rsvarsorganisationers bidrag till totalf\u00f6rsvaret.Syftet var att st\u00e4rka f\u00f6rm\u00e5gan att bygga krigsorganisation samt \u00f6ka kunskapen om de frivilliga f\u00f6rsvarsorganisationerna. En m\u00e5ls\u00e4ttning var att visa vilken stark resurs [&#8230;]<\/p>\n<p><a class=\"btn btn-secondary understrap-read-more-link\" href=\"https:\/\/frivilligaresursgruppen.se\/forsvarsvilja-kommuners-krigsorganisation-och-frivilliga-forsvarsorganisationers-bidrag-i-totalforsvaret-en-heldag-med-civo-syd\/\">L\u00e4s mer \u2026<span class=\"screen-reader-text\"> from F\u00f6rsvarsvilja, kommuners krigsorganisation och frivilliga f\u00f6rsvarsorganisationers bidrag i totalf\u00f6rsvaret &#8211; en heldag med Civo Syd<\/span><\/a><\/p>\n","protected":false},"author":65,"featured_media":8191,"comment_status":"closed","ping_status":"closed","sticky":false,"template":"","format":"standard","meta":{"_acf_changed":false,"footnotes":""},"categories":[756],"tags":[],"class_list":["post-8217","post","type-post","status-publish","format-standard","has-post-thumbnail","hentry","category-alla"],"acf":[],"_links":{"self":[{"href":"https:\/\/frivilligaresursgruppen.se\/frg-xnbmox-json\/wp\/v2\/posts\/8217","targetHints":{"allow":["GET"]}}],"collection":[{"href":"https:\/\/frivilligaresursgruppen.se\/frg-xnbmox-json\/wp\/v2\/posts"}],"about":[{"href":"https:\/\/frivilligaresursgruppen.se\/frg-xnbmox-json\/wp\/v2\/types\/post"}],"author":[{"embeddable":true,"href":"https:\/\/frivilligaresursgruppen.se\/frg-xnbmox-json\/wp\/v2\/users\/65"}],"replies":[{"embeddable":true,"href":"https:\/\/frivilligaresursgruppen.se\/frg-xnbmox-json\/wp\/v2\/comments?post=8217"}],"version-history":[{"count":2,"href":"https:\/\/frivilligaresursgruppen.se\/frg-xnbmox-json\/wp\/v2\/posts\/8217\/revisions"}],"predecessor-version":[{"id":8222,"href":"https:\/\/frivilligaresursgruppen.se\/frg-xnbmox-json\/wp\/v2\/posts\/8217\/revisions\/8222"}],"wp:featuredmedia":[{"embeddable":true,"href":"https:\/\/frivilligaresursgruppen.se\/frg-xnbmox-json\/wp\/v2\/media\/8191"}],"wp:attachment":[{"href":"https:\/\/frivilligaresursgruppen.se\/frg-xnbmox-json\/wp\/v2\/media?parent=8217"}],"wp:term":[{"taxonomy":"category","embeddable":true,"href":"https:\/\/frivilligaresursgruppen.se\/frg-xnbmox-json\/wp\/v2\/categories?post=8217"},{"taxonomy":"post_tag","embeddable":true,"href":"https:\/\/frivilligaresursgruppen.se\/frg-xnbmox-json\/wp\/v2\/tags?post=8217"}],"curies":[{"name":"wp","href":"https:\/\/api.w.org\/{rel}","templated":true}]}}