{"id":8276,"date":"2024-10-21T12:21:02","date_gmt":"2024-10-21T10:21:02","guid":{"rendered":"https:\/\/frivilligaresursgruppen.se\/?p=8276"},"modified":"2024-10-21T15:26:23","modified_gmt":"2024-10-21T13:26:23","slug":"vastmanland-ovade-hojd-beredskap","status":"publish","type":"post","link":"https:\/\/frivilligaresursgruppen.se\/vastmanland-ovade-hojd-beredskap\/","title":{"rendered":"V\u00e4stmanland \u00f6vade h\u00f6jd beredskap"},"content":{"rendered":"\n<p>Under en dag samlades drygt 100 deltagare fr\u00e5n U-sam i V\u00e4stmanland f\u00f6r att tillsammans \u00f6va och \u00f6ka sin kunskap om v\u00e5ra roller, ansvar och uppgifter under h\u00f6jd beredskap.<\/p>\n\n\n<div class=\"frg-text-image-block container-breakout\">\n\n        \n\n<div class=\"container\">\n\n    <div class=\"row frg-text-image\">\n\n        <div class=\"frg-text-image__text col-12 col-lg-5 frg-text-image__text--left\">\n\n            \n                <h1 class=\"frg-text-image__text__title h2\">Frivilliga resursgruppen Surahammar<\/h1>\n\n            \n            \n                <p class=\"frg-text-image__text__text\">Surahammars kommun koncept till s\u00e4rskild samlingsplats\/mobil trygghetspunkt f\u00f6revisades hur en s\u00e5dan kan se ut och fungera i praktiken. Mobil trygghetspunkt \u00e4r ett komplement till framtida fasta trygghetspunkter. FRG Surahammar etablerade och f\u00f6revisade trygghetspunkten p\u00e5 plats under dagen och svarade p\u00e5 m\u00e5nga intressanta fr\u00e5gest\u00e4llningar kring bemanning och vad f\u00f6rdelarna \u00e4r med mobilitet och olika koncept p\u00e5 inneh\u00e5ll vid olika h\u00e4ndelser.\r\n<\/p>\n\n            \n            \n            <a class=\"frg-text-image__text__link btn btn-transparent\" href=\"https:\/\/www.lansstyrelsen.se\/vastmanland\/om-oss\/nyheter-och-press\/nyheter---vastmanland\/2024-10-17-vastmanland-ovade-hojd-beredskap.html \" target=\"\">\n\n                L\u00e4nsstyrelsen V\u00e4stmanland\n            <\/a>\n\n            \n        <\/div>\n\n        \n            <div class=\"col-12 col-lg-6 offset-lg-1 frg-text-image__image-container\">\n\n                <div class=\"frg-text-image__image-container__image\">\n\n                    <img decoding=\"async\" src=\"https:\/\/frivilligaresursgruppen.se\/wp-content\/uploads\/2024\/10\/20241016_135243-scaled.jpg\" srcset=\"https:\/\/frivilligaresursgruppen.se\/wp-content\/uploads\/2024\/10\/20241016_135243-141x300.jpg 141w, https:\/\/frivilligaresursgruppen.se\/wp-content\/uploads\/2024\/10\/20241016_135243-483x1024.jpg 483w, https:\/\/frivilligaresursgruppen.se\/wp-content\/uploads\/2024\/10\/20241016_135243-768x1630.jpg 768w, https:\/\/frivilligaresursgruppen.se\/wp-content\/uploads\/2024\/10\/20241016_135243-724x1536.jpg 724w, https:\/\/frivilligaresursgruppen.se\/wp-content\/uploads\/2024\/10\/20241016_135243-965x2048.jpg 965w, https:\/\/frivilligaresursgruppen.se\/wp-content\/uploads\/2024\/10\/20241016_135243-scaled.jpg 1207w\" alt=\"Surahammars kommun 2024 FRG Hallstahammar Surahammar\"\/>\n\n                <\/div>\n\n            <\/div>\n\n        \n    <\/div>\n<\/div>\n<\/div>","protected":false},"excerpt":{"rendered":"<p>Under en dag samlades drygt 100 deltagare fr\u00e5n U-sam i V\u00e4stmanland f\u00f6r att tillsammans \u00f6va och \u00f6ka sin kunskap om v\u00e5ra roller, ansvar och uppgifter under h\u00f6jd beredskap. [&#8230;]<\/p>\n<p><a class=\"btn btn-secondary understrap-read-more-link\" href=\"https:\/\/frivilligaresursgruppen.se\/vastmanland-ovade-hojd-beredskap\/\">L\u00e4s mer \u2026<span class=\"screen-reader-text\"> from V\u00e4stmanland \u00f6vade h\u00f6jd beredskap<\/span><\/a><\/p>\n","protected":false},"author":108,"featured_media":8264,"comment_status":"closed","ping_status":"closed","sticky":false,"template":"","format":"standard","meta":{"_acf_changed":false,"footnotes":""},"categories":[1455,1456,1453],"tags":[],"class_list":["post-8276","post","type-post","status-publish","format-standard","has-post-thumbnail","hentry","category-hallstahammar","category-surahammar","category-vstmanland"],"acf":[],"_links":{"self":[{"href":"https:\/\/frivilligaresursgruppen.se\/frg-xnbmox-json\/wp\/v2\/posts\/8276","targetHints":{"allow":["GET"]}}],"collection":[{"href":"https:\/\/frivilligaresursgruppen.se\/frg-xnbmox-json\/wp\/v2\/posts"}],"about":[{"href":"https:\/\/frivilligaresursgruppen.se\/frg-xnbmox-json\/wp\/v2\/types\/post"}],"author":[{"embeddable":true,"href":"https:\/\/frivilligaresursgruppen.se\/frg-xnbmox-json\/wp\/v2\/users\/108"}],"replies":[{"embeddable":true,"href":"https:\/\/frivilligaresursgruppen.se\/frg-xnbmox-json\/wp\/v2\/comments?post=8276"}],"version-history":[{"count":6,"href":"https:\/\/frivilligaresursgruppen.se\/frg-xnbmox-json\/wp\/v2\/posts\/8276\/revisions"}],"predecessor-version":[{"id":8298,"href":"https:\/\/frivilligaresursgruppen.se\/frg-xnbmox-json\/wp\/v2\/posts\/8276\/revisions\/8298"}],"wp:featuredmedia":[{"embeddable":true,"href":"https:\/\/frivilligaresursgruppen.se\/frg-xnbmox-json\/wp\/v2\/media\/8264"}],"wp:attachment":[{"href":"https:\/\/frivilligaresursgruppen.se\/frg-xnbmox-json\/wp\/v2\/media?parent=8276"}],"wp:term":[{"taxonomy":"category","embeddable":true,"href":"https:\/\/frivilligaresursgruppen.se\/frg-xnbmox-json\/wp\/v2\/categories?post=8276"},{"taxonomy":"post_tag","embeddable":true,"href":"https:\/\/frivilligaresursgruppen.se\/frg-xnbmox-json\/wp\/v2\/tags?post=8276"}],"curies":[{"name":"wp","href":"https:\/\/api.w.org\/{rel}","templated":true}]}}