{"id":9020,"date":"2025-01-13T18:22:31","date_gmt":"2025-01-13T17:22:31","guid":{"rendered":"https:\/\/frivilligaresursgruppen.se\/?p=9020"},"modified":"2025-01-13T18:22:31","modified_gmt":"2025-01-13T17:22:31","slug":"frg-rekrytering-till-vaxjo-kommun","status":"publish","type":"post","link":"https:\/\/frivilligaresursgruppen.se\/frg-rekrytering-till-vaxjo-kommun\/","title":{"rendered":"FRG rekrytering till V\u00c4XJ\u00d6 kommun"},"content":{"rendered":"Vill du g\u00f6ra skillnad och vara en del av frivilliga resursgruppen (FRG)?<br \/>V\u00e4xj\u00f6 kommun h\u00e5ller p\u00e5 att skapa en ny frivillig resursgrupp och s\u00f6ker engagerade inv\u00e5nare som vill hj\u00e4lpa till vid kriser och samh\u00e4llsst\u00f6rningar. <br \/>Kom p\u00e5 v\u00e5r informationstr\u00e4ff den 23 januari och ta reda p\u00e5 hur just du kan bidra!<br \/><br \/>Datum och tid:<br \/>Torsdag den 23 januari 2025<br \/>Klockan 19 i Sigfridsalen p\u00e5 m\u00f6tesplats Vattentorget i V\u00e4xj\u00f6<br \/>","protected":false},"excerpt":{"rendered":"<p>Vill du g\u00f6ra skillnad och vara en del av frivilliga resursgruppen (FRG)?V\u00e4xj\u00f6 kommun h\u00e5ller p\u00e5 att skapa en ny frivillig resursgrupp och s\u00f6ker engagerade inv\u00e5nare som vill hj\u00e4lpa till vid kriser och samh\u00e4llsst\u00f6rningar. Kom p\u00e5 v\u00e5r informationstr\u00e4ff den 23 januari och ta reda p\u00e5 hur just du kan bidra! Datum och tid:Torsdag den 23 januari [&#8230;]<\/p>\n<p><a class=\"btn btn-secondary understrap-read-more-link\" href=\"https:\/\/frivilligaresursgruppen.se\/frg-rekrytering-till-vaxjo-kommun\/\">L\u00e4s mer \u2026<span class=\"screen-reader-text\"> from FRG rekrytering till V\u00c4XJ\u00d6 kommun<\/span><\/a><\/p>\n","protected":false},"author":54,"featured_media":0,"comment_status":"closed","ping_status":"closed","sticky":false,"template":"","format":"standard","meta":{"_acf_changed":false,"footnotes":""},"categories":[756],"tags":[],"class_list":["post-9020","post","type-post","status-publish","format-standard","hentry","category-alla"],"acf":[],"_links":{"self":[{"href":"https:\/\/frivilligaresursgruppen.se\/frg-xnbmox-json\/wp\/v2\/posts\/9020","targetHints":{"allow":["GET"]}}],"collection":[{"href":"https:\/\/frivilligaresursgruppen.se\/frg-xnbmox-json\/wp\/v2\/posts"}],"about":[{"href":"https:\/\/frivilligaresursgruppen.se\/frg-xnbmox-json\/wp\/v2\/types\/post"}],"author":[{"embeddable":true,"href":"https:\/\/frivilligaresursgruppen.se\/frg-xnbmox-json\/wp\/v2\/users\/54"}],"replies":[{"embeddable":true,"href":"https:\/\/frivilligaresursgruppen.se\/frg-xnbmox-json\/wp\/v2\/comments?post=9020"}],"version-history":[{"count":1,"href":"https:\/\/frivilligaresursgruppen.se\/frg-xnbmox-json\/wp\/v2\/posts\/9020\/revisions"}],"predecessor-version":[{"id":9021,"href":"https:\/\/frivilligaresursgruppen.se\/frg-xnbmox-json\/wp\/v2\/posts\/9020\/revisions\/9021"}],"wp:attachment":[{"href":"https:\/\/frivilligaresursgruppen.se\/frg-xnbmox-json\/wp\/v2\/media?parent=9020"}],"wp:term":[{"taxonomy":"category","embeddable":true,"href":"https:\/\/frivilligaresursgruppen.se\/frg-xnbmox-json\/wp\/v2\/categories?post=9020"},{"taxonomy":"post_tag","embeddable":true,"href":"https:\/\/frivilligaresursgruppen.se\/frg-xnbmox-json\/wp\/v2\/tags?post=9020"}],"curies":[{"name":"wp","href":"https:\/\/api.w.org\/{rel}","templated":true}]}}